{"id":925,"date":"2020-04-30T15:59:03","date_gmt":"2020-04-30T15:59:03","guid":{"rendered":"https:\/\/markabranka.com\/?p=925"},"modified":"2023-03-30T16:56:00","modified_gmt":"2023-03-30T16:56:00","slug":"markabranka-conquista-prata-no-adesign-awards-19-20","status":"publish","type":"post","link":"https:\/\/markabranka.com\/en\/markabranka-conquista-prata-no-adesign-awards-19-20\/","title":{"rendered":"Silver A&#039; Design Award 19-20"},"content":{"rendered":"<div id=\"fws_69f51c11d5021\"  data-midnight=\"dark\"  data-bg-mobile-hidden=\"\" class=\"wpb_row vc_row-fluid vc_row standard_section\"  style=\"padding-top: 0px; padding-bottom: 0px; \"><div class=\"row-bg-wrap\" data-bg-animation=\"none\"><div class=\"inner-wrap\"><div class=\"row-bg\"  style=\"\"><\/div><\/div><div class=\"row-bg-overlay\" ><\/div><\/div><div class=\"col span_12 dark left\">\n\t<div  class=\"vc_col-sm-12 wpb_column column_container vc_column_container col no-extra-padding\"  data-t-w-inherits=\"default\" data-border-radius=\"none\" data-shadow=\"none\" data-border-animation=\"\" data-border-animation-delay=\"\" data-border-width=\"none\" data-border-style=\"solid\" data-border-color=\"\" data-bg-cover=\"\" data-padding-pos=\"all\" data-has-bg-color=\"false\" data-bg-color=\"\" data-bg-opacity=\"1\" data-hover-bg=\"\" data-hover-bg-opacity=\"1\" data-animation=\"\" data-delay=\"0\" ><div class=\"column-bg-overlay\"><\/div>\n\t\t<div class=\"vc_column-inner\">\n\t\t\t<div class=\"wpb_wrapper\">\n\t\t\t\t<h2 style=\"color: #8f9194;text-align: left\" class=\"vc_custom_heading\" >MarkaBranka Wins Silver A&#039; Design Award 19-20<\/h2><div class=\"nectar-highlighted-text\" data-style=\"full_text\" data-using-custom-color=\"true\" data-color=\"#ffffff\" style=\"\">\n<hr \/>\n<h3><em><br \/>\nThe World&#039;s largest, most prestigious and influential design accolade, the highest achievement in design<\/em><\/h3>\n<\/div>\n\t\t\t<\/div> \n\t\t<\/div>\n\t<\/div> \n<\/div><\/div>\n\t\t<div id=\"fws_69f51c11d5f33\"  data-midnight=\"dark\"  data-bg-mobile-hidden=\"\" class=\"wpb_row vc_row-fluid vc_row standard_section\"  style=\"padding-top: 0px; padding-bottom: 0px; \"><div class=\"row-bg-wrap\" data-bg-animation=\"none\"><div class=\"inner-wrap\"><div class=\"row-bg\"  style=\"\"><\/div><\/div><div class=\"row-bg-overlay\" ><\/div><\/div><div class=\"col span_12 dark left\">\n\t<div  class=\"vc_col-sm-12 wpb_column column_container vc_column_container col no-extra-padding\"  data-t-w-inherits=\"default\" data-border-radius=\"none\" data-shadow=\"none\" data-border-animation=\"\" data-border-animation-delay=\"\" data-border-width=\"none\" data-border-style=\"solid\" data-border-color=\"\" data-bg-cover=\"\" data-padding-pos=\"all\" data-has-bg-color=\"false\" data-bg-color=\"\" data-bg-opacity=\"1\" data-hover-bg=\"\" data-hover-bg-opacity=\"1\" data-animation=\"\" data-delay=\"0\" ><div class=\"column-bg-overlay\"><\/div>\n\t\t<div class=\"vc_column-inner\">\n\t\t\t<div class=\"wpb_wrapper\">\n\t\t\t\t\r\n<div class=\"wpb_text_column wpb_content_element\" >\r\n\t<div class=\"wpb_wrapper\">\r\n\t\t<div class=\"o9v6fnle cxmmr5t8 oygrvhab hcukyx3x c1et5uql ii04i59q\">\n<div dir=\"auto\">\n<p class=\"p1\">Did we touch the sky?<\/p>\n<p>In the midst of all this \u201cdarkness\u201d, receiving something so symbolic and striking, directly from Italy, undoubtedly has a different meaning. Given the current situation, Italy not only remains in history, but also marks our history\u2026in a special way.<\/p>\n<p class=\"p1\">This Silver award, awarded by the Organization of the International Contest A&#039; Design Award &amp; Competition, in the category &quot;Advertising, Marketing and Communication&quot;, rewards the creative work, entitled &quot;The Kingdom of Alvarinho&quot;, which we developed for the 2019 edition of the Fair of Alvarinho de Mon\u00e7\u00e3o.<\/p>\n<p class=\"p1\">Making a brief summary: To communicate the event, we created an ancient and fictitious kingdom, not mentioned in history books, which we named \u201cKingdom of Alvarinho\u201d, mainly because of the fact that Mon\u00e7\u00e3o is the birthplace of Alvarinho Wine. With its own name and civilization, this kingdom was inspired by the real history, places, iconic people and legends of Mon\u00e7\u00e3o.<\/p>\n<p class=\"p1\">In addition to recognizing our creativity, this distinction further enhances the Feira do Alvarinho de Mon\u00e7\u00e3o, as the Largest Wine Party in Portugal, and places Mon\u00e7\u00e3o where it deserves to be: in the mouths of the world.<\/p>\n<p class=\"p1\">Thanks, A&#039;Design Award &amp; Competition.<br \/>\nThank you very much, Municipality of Mon\u00e7\u00e3o. Thank you very much Mon\u00e7anenses.<\/p>\n<p class=\"p1\">Learn more about the Prize at <span style=\"color: #0000ff;\"><a style=\"color: #0000ff;\" href=\"https:\/\/competition.adesignaward.com\/gooddesign.php?ID=91133\" target=\"_blank\" rel=\"noopener noreferrer\"><span style=\"text-decoration: underline;\">A&#039; Design Award &amp; Competition 2029-2020<\/span><\/a><\/span><\/p>\n<\/div>\n<\/div>\n\t<\/div>\r\n<\/div>\r\n\r\n\r\n\r\n\n\t\t\t<\/div> \n\t\t<\/div>\n\t<\/div> \n<\/div><\/div>","protected":false},"excerpt":{"rendered":"MarkaBranka wins Silver A&#039; Design Award 19-20 The World&#039;s largest, most prestigious and influential design accolade, the highest achievement in design Did we touch the sky? In the middle of all...","protected":false},"author":1,"featured_media":2725,"comment_status":"closed","ping_status":"closed","sticky":false,"template":"","format":"standard","meta":{"inline_featured_image":false,"footnotes":""},"categories":[1],"tags":[],"class_list":{"0":"post-925","1":"post","2":"type-post","3":"status-publish","4":"format-standard","5":"has-post-thumbnail","7":"category-noticias"},"_links":{"self":[{"href":"https:\/\/markabranka.com\/en\/wp-json\/wp\/v2\/posts\/925","targetHints":{"allow":["GET"]}}],"collection":[{"href":"https:\/\/markabranka.com\/en\/wp-json\/wp\/v2\/posts"}],"about":[{"href":"https:\/\/markabranka.com\/en\/wp-json\/wp\/v2\/types\/post"}],"author":[{"embeddable":true,"href":"https:\/\/markabranka.com\/en\/wp-json\/wp\/v2\/users\/1"}],"replies":[{"embeddable":true,"href":"https:\/\/markabranka.com\/en\/wp-json\/wp\/v2\/comments?post=925"}],"version-history":[{"count":9,"href":"https:\/\/markabranka.com\/en\/wp-json\/wp\/v2\/posts\/925\/revisions"}],"predecessor-version":[{"id":2733,"href":"https:\/\/markabranka.com\/en\/wp-json\/wp\/v2\/posts\/925\/revisions\/2733"}],"wp:featuredmedia":[{"embeddable":true,"href":"https:\/\/markabranka.com\/en\/wp-json\/wp\/v2\/media\/2725"}],"wp:attachment":[{"href":"https:\/\/markabranka.com\/en\/wp-json\/wp\/v2\/media?parent=925"}],"wp:term":[{"taxonomy":"category","embeddable":true,"href":"https:\/\/markabranka.com\/en\/wp-json\/wp\/v2\/categories?post=925"},{"taxonomy":"post_tag","embeddable":true,"href":"https:\/\/markabranka.com\/en\/wp-json\/wp\/v2\/tags?post=925"}],"curies":[{"name":"wp","href":"https:\/\/api.w.org\/{rel}","templated":true}]}}